{"id":3041,"date":"2026-03-15T20:36:58","date_gmt":"2026-03-15T20:36:58","guid":{"rendered":"https:\/\/asociacionamericanadejuristas.org\/web\/?p=3041"},"modified":"2026-04-07T00:24:27","modified_gmt":"2026-04-07T00:24:27","slug":"aaj-hacia-csw70-comision-sobre-status-juridico-de-la-mujer-onu-nyc-marzo-2026-justicia-feminista","status":"publish","type":"post","link":"https:\/\/asociacionamericanadejuristas.org\/web\/aaj-hacia-csw70-comision-sobre-status-juridico-de-la-mujer-onu-nyc-marzo-2026-justicia-feminista\/","title":{"rendered":"AAJ en foros internacionales: #CSW70 &#8211; Comisi\u00f3n sobre estatus jur\u00eddico de la mujer &#8211; ONU NYC &#8211; marzo 2026: JUSTICIA FEMINISTA"},"content":{"rendered":"<div class=\"container single-page-container\">\n<div class=\"row\">\n<div class=\"nv-single-page-wrap col\">\n<div class=\"nv-content-wrap entry-content\">\n<h3 style=\"text-align: left;\"><\/h3>\n<p style=\"text-align: left;\"><em>18 DE MARZO DE 2026 A LAS 10.30 HS NYC &#8211; 11.30 HS. BS.AS.\u00a0<\/em><\/p>\n<h3 style=\"text-align: left;\">EVENTO PARALELO, en el marco de #NGOCSW70<\/h3>\n<p>Invitadxs!!!!<\/p>\n<h2 style=\"text-align: left;\"><strong>JUSTICIA FEMINISTA: <\/strong><\/h2>\n<h3 style=\"text-align: left;\"><strong>AVANCES Y RETROCESOS EN EL ACCESO A LA JUSTICIA EN LATINOAM\u00c9RICA Y CARIBE<\/strong><\/h3>\n<p>&nbsp;<\/p>\n<p style=\"text-align: left;\"><em><strong>WEBINAR<\/strong><\/em> \u2013 Participantes confirmadas:<\/p>\n<blockquote>\n<div dir=\"ltr\">\n<div dir=\"ltr\">\n<p><span lang=\"es\"><em><strong>Introducci\u00f3n<\/strong><\/em>: Dra. Nelly Minyersky (Argentina)<\/span><\/p>\n<p><span lang=\"es\"><em><strong>Panelistas<\/strong><\/em>:<\/span><\/p>\n<p><span lang=\"es\">\u00b7\u00a0\u00a0\u00a0\u00a0\u00a0 <\/span><span lang=\"es\"><span data-olk-copy-source=\"MessageBody\">Dra. Gisela Jim\u00e9nez Aranguren (Venezuela) <\/span><\/span><\/p>\n<p><span lang=\"es\">\u00b7\u00a0\u00a0\u00a0\u00a0\u00a0\u00a0<\/span><span lang=\"es\">Dra. Mirna Perla (El Salvador)<\/span><\/p>\n<p><span lang=\"es\">\u00b7\u00a0\u00a0\u00a0\u00a0\u00a0\u00a0<\/span><span lang=\"es\">Dra. Yamila Gonz\u00e1lez Ferrer (Cuba)<\/span><\/p>\n<p><span lang=\"es\">\u00b7\u00a0\u00a0\u00a0\u00a0\u00a0\u00a0<\/span><span lang=\"es\">Dra. Marisa Graham (Argentina)<\/span><\/p>\n<p><span lang=\"es\">\u00b7\u00a0\u00a0\u00a0\u00a0\u00a0\u00a0<\/span><span lang=\"es\">Dra.\u00a0<\/span><span lang=\"pt-BR\">Alessia Pamela Bertuleza Santos Tux\u00e1 (Brasil)<\/span><\/p>\n<p>.\u00a0 \u00a0 \u00a0 Diputada Nora Delgado (Venezuela)<\/p>\n<p><strong><em>Moderadoras<\/em><\/strong>: Dra. Elena Mendoza (Argentina) y Dra. Vanessa Ramos (Puerto Rico)<\/p>\n<\/div>\n<\/div>\n<\/blockquote>\n<div dir=\"ltr\">\n<div dir=\"ltr\">\n<div dir=\"ltr\">\n<p>&nbsp;<\/p>\n<\/div>\n<\/div>\n<\/div>\n<\/div>\n<\/div>\n<\/div>\n<ul>\n<li class=\"x_MsoNormal\"><span data-olk-copy-source=\"MessageBody\">Register in advance for this meeting \/ <b>Inscr\u00edbase con antelaci\u00f3n a este seminario web:<\/b><\/span><\/li>\n<\/ul>\n<\/div>\n<div class=\"container single-page-container\">\n<p><a href=\"https:\/\/us02web.zoom.us\/webinar\/register\/WN_cHKlvs2_R0mVHUzbSmM09g\">https:\/\/us02web.zoom.us\/webinar\/register\/WN_cHKlvs2_R0mVHUzbSmM09g<\/a><\/p>\n<ul>\n<li class=\"x_MsoNormal\">After registering, you will receive a confirmation email containing information about joining the meeting \/ <span lang=\"ES\"><b>Despu\u00e9s de registrarse, recibir\u00e1 un correo electr\u00f3nico de confirmaci\u00f3n con informaci\u00f3n sobre c\u00f3mo unirse a la reuni\u00f3n, con el correspondiente l<\/b><\/span><strong>ink de conexi\u00f3n.<\/strong><\/li>\n<\/ul>\n<\/div>\n<p>&#8212;&#8212;&#8212;&#8212;&#8212;&#8212;&#8212;&#8212;&#8212;&#8212;&#8212;&#8212;&#8212;<\/p>\n<p>Im\u00e1genes del webinar llevado a cabo en el marco de #CSW70 y #NgoCSW70Forum:<\/p>\n<p><a href=\"https:\/\/asociacionamericanadejuristas.org\/web\/wp-content\/uploads\/2026\/03\/1b.jpeg\"><img fetchpriority=\"high\" decoding=\"async\" class=\"aligncenter size-full wp-image-3152\" src=\"https:\/\/asociacionamericanadejuristas.org\/web\/wp-content\/uploads\/2026\/03\/1b.jpeg\" alt=\"\" width=\"1600\" height=\"1200\" srcset=\"https:\/\/asociacionamericanadejuristas.org\/web\/wp-content\/uploads\/2026\/03\/1b.jpeg 1600w, https:\/\/asociacionamericanadejuristas.org\/web\/wp-content\/uploads\/2026\/03\/1b-300x225.jpeg 300w, https:\/\/asociacionamericanadejuristas.org\/web\/wp-content\/uploads\/2026\/03\/1b-1024x768.jpeg 1024w, https:\/\/asociacionamericanadejuristas.org\/web\/wp-content\/uploads\/2026\/03\/1b-768x576.jpeg 768w, https:\/\/asociacionamericanadejuristas.org\/web\/wp-content\/uploads\/2026\/03\/1b-1536x1152.jpeg 1536w\" sizes=\"(max-width: 1600px) 100vw, 1600px\" \/><\/a> <a href=\"https:\/\/asociacionamericanadejuristas.org\/web\/wp-content\/uploads\/2026\/03\/2b.jpeg\"><img decoding=\"async\" class=\"aligncenter size-full wp-image-3153\" src=\"https:\/\/asociacionamericanadejuristas.org\/web\/wp-content\/uploads\/2026\/03\/2b.jpeg\" alt=\"\" width=\"1600\" height=\"1200\" srcset=\"https:\/\/asociacionamericanadejuristas.org\/web\/wp-content\/uploads\/2026\/03\/2b.jpeg 1600w, https:\/\/asociacionamericanadejuristas.org\/web\/wp-content\/uploads\/2026\/03\/2b-300x225.jpeg 300w, https:\/\/asociacionamericanadejuristas.org\/web\/wp-content\/uploads\/2026\/03\/2b-1024x768.jpeg 1024w, https:\/\/asociacionamericanadejuristas.org\/web\/wp-content\/uploads\/2026\/03\/2b-768x576.jpeg 768w, https:\/\/asociacionamericanadejuristas.org\/web\/wp-content\/uploads\/2026\/03\/2b-1536x1152.jpeg 1536w\" sizes=\"(max-width: 1600px) 100vw, 1600px\" \/><\/a> <a href=\"https:\/\/asociacionamericanadejuristas.org\/web\/wp-content\/uploads\/2026\/03\/3b.jpeg\"><img decoding=\"async\" class=\"aligncenter size-full wp-image-3154\" src=\"https:\/\/asociacionamericanadejuristas.org\/web\/wp-content\/uploads\/2026\/03\/3b.jpeg\" alt=\"\" width=\"1600\" height=\"1200\" srcset=\"https:\/\/asociacionamericanadejuristas.org\/web\/wp-content\/uploads\/2026\/03\/3b.jpeg 1600w, https:\/\/asociacionamericanadejuristas.org\/web\/wp-content\/uploads\/2026\/03\/3b-300x225.jpeg 300w, https:\/\/asociacionamericanadejuristas.org\/web\/wp-content\/uploads\/2026\/03\/3b-1024x768.jpeg 1024w, https:\/\/asociacionamericanadejuristas.org\/web\/wp-content\/uploads\/2026\/03\/3b-768x576.jpeg 768w, https:\/\/asociacionamericanadejuristas.org\/web\/wp-content\/uploads\/2026\/03\/3b-1536x1152.jpeg 1536w\" sizes=\"(max-width: 1600px) 100vw, 1600px\" \/><\/a> <a href=\"https:\/\/asociacionamericanadejuristas.org\/web\/wp-content\/uploads\/2026\/03\/4b.jpeg\"><img loading=\"lazy\" decoding=\"async\" class=\"aligncenter size-full wp-image-3155\" src=\"https:\/\/asociacionamericanadejuristas.org\/web\/wp-content\/uploads\/2026\/03\/4b.jpeg\" alt=\"\" width=\"1600\" height=\"1200\" srcset=\"https:\/\/asociacionamericanadejuristas.org\/web\/wp-content\/uploads\/2026\/03\/4b.jpeg 1600w, https:\/\/asociacionamericanadejuristas.org\/web\/wp-content\/uploads\/2026\/03\/4b-300x225.jpeg 300w, https:\/\/asociacionamericanadejuristas.org\/web\/wp-content\/uploads\/2026\/03\/4b-1024x768.jpeg 1024w, https:\/\/asociacionamericanadejuristas.org\/web\/wp-content\/uploads\/2026\/03\/4b-768x576.jpeg 768w, https:\/\/asociacionamericanadejuristas.org\/web\/wp-content\/uploads\/2026\/03\/4b-1536x1152.jpeg 1536w\" sizes=\"(max-width: 1600px) 100vw, 1600px\" \/><\/a><\/p>\n<p>&nbsp;<\/p>\n<p>&nbsp;<\/p>\n<p>&nbsp;<\/p>\n<p><a href=\"https:\/\/asociacionamericanadejuristas.org\/web\/wp-content\/uploads\/2026\/03\/Flyer-2-evento-paralelo-CSW70-PNG.png\"><img loading=\"lazy\" decoding=\"async\" class=\"wp-image-3097 aligncenter\" src=\"https:\/\/asociacionamericanadejuristas.org\/web\/wp-content\/uploads\/2026\/03\/Flyer-2-evento-paralelo-CSW70-PNG.png\" alt=\"\" width=\"660\" height=\"1173\" srcset=\"https:\/\/asociacionamericanadejuristas.org\/web\/wp-content\/uploads\/2026\/03\/Flyer-2-evento-paralelo-CSW70-PNG.png 1080w, https:\/\/asociacionamericanadejuristas.org\/web\/wp-content\/uploads\/2026\/03\/Flyer-2-evento-paralelo-CSW70-PNG-169x300.png 169w, https:\/\/asociacionamericanadejuristas.org\/web\/wp-content\/uploads\/2026\/03\/Flyer-2-evento-paralelo-CSW70-PNG-576x1024.png 576w, https:\/\/asociacionamericanadejuristas.org\/web\/wp-content\/uploads\/2026\/03\/Flyer-2-evento-paralelo-CSW70-PNG-768x1365.png 768w, https:\/\/asociacionamericanadejuristas.org\/web\/wp-content\/uploads\/2026\/03\/Flyer-2-evento-paralelo-CSW70-PNG-864x1536.png 864w\" sizes=\"(max-width: 660px) 100vw, 660px\" \/><\/a><\/p>\n<div class=\"container single-page-container\">\n<p>&#8212;&#8212;&#8212;&#8212;&#8212;&#8212;<\/p>\n<\/div>\n<div class=\"container single-page-container\">\n<div class=\"row\">\n<div class=\"nv-single-page-wrap col\">\n<div class=\"nv-content-wrap entry-content\">\n<p>&nbsp;<\/p>\n<\/div>\n<p><a href=\"https:\/\/asociacionamericanadejuristas.org\/web\/wp-content\/uploads\/2026\/01\/CSW70-Justicia-Feminista.png\"><img loading=\"lazy\" decoding=\"async\" class=\"aligncenter wp-image-3056\" src=\"https:\/\/asociacionamericanadejuristas.org\/web\/wp-content\/uploads\/2026\/01\/CSW70-Justicia-Feminista.png\" alt=\"\" width=\"660\" height=\"1173\" srcset=\"https:\/\/asociacionamericanadejuristas.org\/web\/wp-content\/uploads\/2026\/01\/CSW70-Justicia-Feminista.png 1080w, https:\/\/asociacionamericanadejuristas.org\/web\/wp-content\/uploads\/2026\/01\/CSW70-Justicia-Feminista-169x300.png 169w, https:\/\/asociacionamericanadejuristas.org\/web\/wp-content\/uploads\/2026\/01\/CSW70-Justicia-Feminista-576x1024.png 576w, https:\/\/asociacionamericanadejuristas.org\/web\/wp-content\/uploads\/2026\/01\/CSW70-Justicia-Feminista-768x1365.png 768w, https:\/\/asociacionamericanadejuristas.org\/web\/wp-content\/uploads\/2026\/01\/CSW70-Justicia-Feminista-864x1536.png 864w\" sizes=\"(max-width: 660px) 100vw, 660px\" \/><\/a><\/p>\n<\/div>\n<\/div>\n<\/div>\n<p>&nbsp;<\/p>\n<div class=\"ekit-template-content-markup ekit-template-content-footer\">\n<div class=\"elementor elementor-102\" data-elementor-type=\"wp-post\" data-elementor-id=\"102\"><\/div>\n<\/div>\n","protected":false},"excerpt":{"rendered":"<p>18 DE MARZO DE 2026 A LAS 10.30 HS NYC &#8211; 11.30 HS. BS.AS.\u00a0 EVENTO PARALELO, en el marco de #NGOCSW70 Invitadxs!!!! JUSTICIA FEMINISTA: AVANCES Y RETROCESOS EN EL ACCESO A LA JUSTICIA EN LATINOAM\u00c9RICA Y CARIBE &nbsp; WEBINAR \u2013 Participantes confirmadas: Introducci\u00f3n: Dra. Nelly Minyersky (Argentina) Panelistas: \u00b7\u00a0\u00a0\u00a0\u00a0\u00a0 Dra. Gisela Jim\u00e9nez Aranguren (Venezuela) \u00b7\u00a0\u00a0\u00a0\u00a0\u00a0\u00a0Dra.&hellip;&nbsp;<a href=\"https:\/\/asociacionamericanadejuristas.org\/web\/aaj-hacia-csw70-comision-sobre-status-juridico-de-la-mujer-onu-nyc-marzo-2026-justicia-feminista\/\" rel=\"bookmark\"><span class=\"screen-reader-text\">AAJ en foros internacionales: #CSW70 &#8211; Comisi\u00f3n sobre estatus jur\u00eddico de la mujer &#8211; ONU NYC &#8211; marzo 2026: JUSTICIA FEMINISTA<\/span><\/a><\/p>\n","protected":false},"author":2,"featured_media":3059,"comment_status":"closed","ping_status":"closed","sticky":false,"template":"","format":"standard","meta":{"neve_meta_sidebar":"","neve_meta_container":"","neve_meta_enable_content_width":"off","neve_meta_content_width":70,"neve_meta_title_alignment":"","neve_meta_author_avatar":"","neve_post_elements_order":"","neve_meta_disable_header":"","neve_meta_disable_footer":"","neve_meta_disable_title":"","footnotes":""},"categories":[5],"tags":[],"class_list":["post-3041","post","type-post","status-publish","format-standard","has-post-thumbnail","hentry","category-home"],"yoast_head":"<!-- This site is optimized with the Yoast SEO plugin v26.4 - https:\/\/yoast.com\/wordpress\/plugins\/seo\/ -->\n<title>AAJ en foros internacionales: #CSW70 - Comisi\u00f3n sobre estatus jur\u00eddico de la mujer - ONU NYC - marzo 2026: JUSTICIA FEMINISTA - Asociaci\u00f3n Americana de Juristas<\/title>\n<meta name=\"robots\" content=\"index, follow, max-snippet:-1, max-image-preview:large, max-video-preview:-1\" \/>\n<link rel=\"canonical\" href=\"https:\/\/asociacionamericanadejuristas.org\/web\/aaj-hacia-csw70-comision-sobre-status-juridico-de-la-mujer-onu-nyc-marzo-2026-justicia-feminista\/\" \/>\n<meta property=\"og:locale\" content=\"es_ES\" \/>\n<meta property=\"og:type\" content=\"article\" \/>\n<meta property=\"og:title\" content=\"AAJ en foros internacionales: #CSW70 - Comisi\u00f3n sobre estatus jur\u00eddico de la mujer - ONU NYC - marzo 2026: JUSTICIA FEMINISTA - Asociaci\u00f3n Americana de Juristas\" \/>\n<meta property=\"og:description\" content=\"18 DE MARZO DE 2026 A LAS 10.30 HS NYC &#8211; 11.30 HS. BS.AS.\u00a0 EVENTO PARALELO, en el marco de #NGOCSW70 Invitadxs!!!! JUSTICIA FEMINISTA: AVANCES Y RETROCESOS EN EL ACCESO A LA JUSTICIA EN LATINOAM\u00c9RICA Y CARIBE &nbsp; WEBINAR \u2013 Participantes confirmadas: Introducci\u00f3n: Dra. Nelly Minyersky (Argentina) Panelistas: \u00b7\u00a0\u00a0\u00a0\u00a0\u00a0 Dra. Gisela Jim\u00e9nez Aranguren (Venezuela) \u00b7\u00a0\u00a0\u00a0\u00a0\u00a0\u00a0Dra.&hellip;&nbsp;AAJ en foros internacionales: #CSW70 &#8211; Comisi\u00f3n sobre estatus jur\u00eddico de la mujer &#8211; ONU NYC &#8211; marzo 2026: JUSTICIA FEMINISTA\" \/>\n<meta property=\"og:url\" content=\"https:\/\/asociacionamericanadejuristas.org\/web\/aaj-hacia-csw70-comision-sobre-status-juridico-de-la-mujer-onu-nyc-marzo-2026-justicia-feminista\/\" \/>\n<meta property=\"og:site_name\" content=\"Asociaci\u00f3n Americana de Juristas\" \/>\n<meta property=\"article:published_time\" content=\"2026-03-15T20:36:58+00:00\" \/>\n<meta property=\"article:modified_time\" content=\"2026-04-07T00:24:27+00:00\" \/>\n<meta property=\"og:image\" content=\"https:\/\/asociacionamericanadejuristas.org\/web\/wp-content\/uploads\/2026\/01\/WhatsApp-Image-2026-02-07-at-12.13.03.jpeg\" \/>\n\t<meta property=\"og:image:width\" content=\"842\" \/>\n\t<meta property=\"og:image:height\" content=\"233\" \/>\n\t<meta property=\"og:image:type\" content=\"image\/jpeg\" \/>\n<meta name=\"author\" content=\"Asociacion Americana de Juristas\" \/>\n<meta name=\"twitter:card\" content=\"summary_large_image\" \/>\n<meta name=\"twitter:label1\" content=\"Escrito por\" \/>\n\t<meta name=\"twitter:data1\" content=\"Asociacion Americana de Juristas\" \/>\n\t<meta name=\"twitter:label2\" content=\"Tiempo de lectura\" \/>\n\t<meta name=\"twitter:data2\" content=\"2 minutos\" \/>\n<script type=\"application\/ld+json\" class=\"yoast-schema-graph\">{\"@context\":\"https:\/\/schema.org\",\"@graph\":[{\"@type\":\"Article\",\"@id\":\"https:\/\/asociacionamericanadejuristas.org\/web\/aaj-hacia-csw70-comision-sobre-status-juridico-de-la-mujer-onu-nyc-marzo-2026-justicia-feminista\/#article\",\"isPartOf\":{\"@id\":\"https:\/\/asociacionamericanadejuristas.org\/web\/aaj-hacia-csw70-comision-sobre-status-juridico-de-la-mujer-onu-nyc-marzo-2026-justicia-feminista\/\"},\"author\":{\"name\":\"Asociacion Americana de Juristas\",\"@id\":\"https:\/\/asociacionamericanadejuristas.org\/web\/#\/schema\/person\/e443fab9ceadd27bdd202b0a81114f2d\"},\"headline\":\"AAJ en foros internacionales: #CSW70 &#8211; Comisi\u00f3n sobre estatus jur\u00eddico de la mujer &#8211; ONU NYC &#8211; marzo 2026: JUSTICIA FEMINISTA\",\"datePublished\":\"2026-03-15T20:36:58+00:00\",\"dateModified\":\"2026-04-07T00:24:27+00:00\",\"mainEntityOfPage\":{\"@id\":\"https:\/\/asociacionamericanadejuristas.org\/web\/aaj-hacia-csw70-comision-sobre-status-juridico-de-la-mujer-onu-nyc-marzo-2026-justicia-feminista\/\"},\"wordCount\":206,\"publisher\":{\"@id\":\"https:\/\/asociacionamericanadejuristas.org\/web\/#organization\"},\"image\":{\"@id\":\"https:\/\/asociacionamericanadejuristas.org\/web\/aaj-hacia-csw70-comision-sobre-status-juridico-de-la-mujer-onu-nyc-marzo-2026-justicia-feminista\/#primaryimage\"},\"thumbnailUrl\":\"https:\/\/asociacionamericanadejuristas.org\/web\/wp-content\/uploads\/2026\/01\/WhatsApp-Image-2026-02-07-at-12.13.03.jpeg\",\"articleSection\":[\"Home\"],\"inLanguage\":\"es\"},{\"@type\":\"WebPage\",\"@id\":\"https:\/\/asociacionamericanadejuristas.org\/web\/aaj-hacia-csw70-comision-sobre-status-juridico-de-la-mujer-onu-nyc-marzo-2026-justicia-feminista\/\",\"url\":\"https:\/\/asociacionamericanadejuristas.org\/web\/aaj-hacia-csw70-comision-sobre-status-juridico-de-la-mujer-onu-nyc-marzo-2026-justicia-feminista\/\",\"name\":\"AAJ en foros internacionales: #CSW70 - Comisi\u00f3n sobre estatus jur\u00eddico de la mujer - ONU NYC - marzo 2026: JUSTICIA FEMINISTA - Asociaci\u00f3n Americana de Juristas\",\"isPartOf\":{\"@id\":\"https:\/\/asociacionamericanadejuristas.org\/web\/#website\"},\"primaryImageOfPage\":{\"@id\":\"https:\/\/asociacionamericanadejuristas.org\/web\/aaj-hacia-csw70-comision-sobre-status-juridico-de-la-mujer-onu-nyc-marzo-2026-justicia-feminista\/#primaryimage\"},\"image\":{\"@id\":\"https:\/\/asociacionamericanadejuristas.org\/web\/aaj-hacia-csw70-comision-sobre-status-juridico-de-la-mujer-onu-nyc-marzo-2026-justicia-feminista\/#primaryimage\"},\"thumbnailUrl\":\"https:\/\/asociacionamericanadejuristas.org\/web\/wp-content\/uploads\/2026\/01\/WhatsApp-Image-2026-02-07-at-12.13.03.jpeg\",\"datePublished\":\"2026-03-15T20:36:58+00:00\",\"dateModified\":\"2026-04-07T00:24:27+00:00\",\"breadcrumb\":{\"@id\":\"https:\/\/asociacionamericanadejuristas.org\/web\/aaj-hacia-csw70-comision-sobre-status-juridico-de-la-mujer-onu-nyc-marzo-2026-justicia-feminista\/#breadcrumb\"},\"inLanguage\":\"es\",\"potentialAction\":[{\"@type\":\"ReadAction\",\"target\":[\"https:\/\/asociacionamericanadejuristas.org\/web\/aaj-hacia-csw70-comision-sobre-status-juridico-de-la-mujer-onu-nyc-marzo-2026-justicia-feminista\/\"]}]},{\"@type\":\"ImageObject\",\"inLanguage\":\"es\",\"@id\":\"https:\/\/asociacionamericanadejuristas.org\/web\/aaj-hacia-csw70-comision-sobre-status-juridico-de-la-mujer-onu-nyc-marzo-2026-justicia-feminista\/#primaryimage\",\"url\":\"https:\/\/asociacionamericanadejuristas.org\/web\/wp-content\/uploads\/2026\/01\/WhatsApp-Image-2026-02-07-at-12.13.03.jpeg\",\"contentUrl\":\"https:\/\/asociacionamericanadejuristas.org\/web\/wp-content\/uploads\/2026\/01\/WhatsApp-Image-2026-02-07-at-12.13.03.jpeg\",\"width\":842,\"height\":233},{\"@type\":\"BreadcrumbList\",\"@id\":\"https:\/\/asociacionamericanadejuristas.org\/web\/aaj-hacia-csw70-comision-sobre-status-juridico-de-la-mujer-onu-nyc-marzo-2026-justicia-feminista\/#breadcrumb\",\"itemListElement\":[{\"@type\":\"ListItem\",\"position\":1,\"name\":\"Portada\",\"item\":\"https:\/\/asociacionamericanadejuristas.org\/web\/\"},{\"@type\":\"ListItem\",\"position\":2,\"name\":\"AAJ en foros internacionales: #CSW70 &#8211; Comisi\u00f3n sobre estatus jur\u00eddico de la mujer &#8211; ONU NYC &#8211; marzo 2026: JUSTICIA FEMINISTA\"}]},{\"@type\":\"WebSite\",\"@id\":\"https:\/\/asociacionamericanadejuristas.org\/web\/#website\",\"url\":\"https:\/\/asociacionamericanadejuristas.org\/web\/\",\"name\":\"Asociaci\u00f3n Americana de Juristas\",\"description\":\"Organizaci\u00f3n no Gubernamental con Estado Consultivo ante la O.N.U.\",\"publisher\":{\"@id\":\"https:\/\/asociacionamericanadejuristas.org\/web\/#organization\"},\"potentialAction\":[{\"@type\":\"SearchAction\",\"target\":{\"@type\":\"EntryPoint\",\"urlTemplate\":\"https:\/\/asociacionamericanadejuristas.org\/web\/?s={search_term_string}\"},\"query-input\":{\"@type\":\"PropertyValueSpecification\",\"valueRequired\":true,\"valueName\":\"search_term_string\"}}],\"inLanguage\":\"es\"},{\"@type\":\"Organization\",\"@id\":\"https:\/\/asociacionamericanadejuristas.org\/web\/#organization\",\"name\":\"Asociaci\u00f3n Americana de Juristas\",\"url\":\"https:\/\/asociacionamericanadejuristas.org\/web\/\",\"logo\":{\"@type\":\"ImageObject\",\"inLanguage\":\"es\",\"@id\":\"https:\/\/asociacionamericanadejuristas.org\/web\/#\/schema\/logo\/image\/\",\"url\":\"https:\/\/asociacionamericanadejuristas.org\/web\/wp-content\/uploads\/2024\/01\/logo-aaj_prueba.svg\",\"contentUrl\":\"https:\/\/asociacionamericanadejuristas.org\/web\/wp-content\/uploads\/2024\/01\/logo-aaj_prueba.svg\",\"width\":400,\"height\":75,\"caption\":\"Asociaci\u00f3n Americana de Juristas\"},\"image\":{\"@id\":\"https:\/\/asociacionamericanadejuristas.org\/web\/#\/schema\/logo\/image\/\"}},{\"@type\":\"Person\",\"@id\":\"https:\/\/asociacionamericanadejuristas.org\/web\/#\/schema\/person\/e443fab9ceadd27bdd202b0a81114f2d\",\"name\":\"Asociacion Americana de Juristas\",\"url\":\"https:\/\/asociacionamericanadejuristas.org\/web\/author\/aajrama\/\"}]}<\/script>\n<!-- \/ Yoast SEO plugin. -->","yoast_head_json":{"title":"AAJ en foros internacionales: #CSW70 - Comisi\u00f3n sobre estatus jur\u00eddico de la mujer - ONU NYC - marzo 2026: JUSTICIA FEMINISTA - Asociaci\u00f3n Americana de Juristas","robots":{"index":"index","follow":"follow","max-snippet":"max-snippet:-1","max-image-preview":"max-image-preview:large","max-video-preview":"max-video-preview:-1"},"canonical":"https:\/\/asociacionamericanadejuristas.org\/web\/aaj-hacia-csw70-comision-sobre-status-juridico-de-la-mujer-onu-nyc-marzo-2026-justicia-feminista\/","og_locale":"es_ES","og_type":"article","og_title":"AAJ en foros internacionales: #CSW70 - Comisi\u00f3n sobre estatus jur\u00eddico de la mujer - ONU NYC - marzo 2026: JUSTICIA FEMINISTA - Asociaci\u00f3n Americana de Juristas","og_description":"18 DE MARZO DE 2026 A LAS 10.30 HS NYC &#8211; 11.30 HS. BS.AS.\u00a0 EVENTO PARALELO, en el marco de #NGOCSW70 Invitadxs!!!! JUSTICIA FEMINISTA: AVANCES Y RETROCESOS EN EL ACCESO A LA JUSTICIA EN LATINOAM\u00c9RICA Y CARIBE &nbsp; WEBINAR \u2013 Participantes confirmadas: Introducci\u00f3n: Dra. Nelly Minyersky (Argentina) Panelistas: \u00b7\u00a0\u00a0\u00a0\u00a0\u00a0 Dra. Gisela Jim\u00e9nez Aranguren (Venezuela) \u00b7\u00a0\u00a0\u00a0\u00a0\u00a0\u00a0Dra.&hellip;&nbsp;AAJ en foros internacionales: #CSW70 &#8211; Comisi\u00f3n sobre estatus jur\u00eddico de la mujer &#8211; ONU NYC &#8211; marzo 2026: JUSTICIA FEMINISTA","og_url":"https:\/\/asociacionamericanadejuristas.org\/web\/aaj-hacia-csw70-comision-sobre-status-juridico-de-la-mujer-onu-nyc-marzo-2026-justicia-feminista\/","og_site_name":"Asociaci\u00f3n Americana de Juristas","article_published_time":"2026-03-15T20:36:58+00:00","article_modified_time":"2026-04-07T00:24:27+00:00","og_image":[{"width":842,"height":233,"url":"https:\/\/asociacionamericanadejuristas.org\/web\/wp-content\/uploads\/2026\/01\/WhatsApp-Image-2026-02-07-at-12.13.03.jpeg","type":"image\/jpeg"}],"author":"Asociacion Americana de Juristas","twitter_card":"summary_large_image","twitter_misc":{"Escrito por":"Asociacion Americana de Juristas","Tiempo de lectura":"2 minutos"},"schema":{"@context":"https:\/\/schema.org","@graph":[{"@type":"Article","@id":"https:\/\/asociacionamericanadejuristas.org\/web\/aaj-hacia-csw70-comision-sobre-status-juridico-de-la-mujer-onu-nyc-marzo-2026-justicia-feminista\/#article","isPartOf":{"@id":"https:\/\/asociacionamericanadejuristas.org\/web\/aaj-hacia-csw70-comision-sobre-status-juridico-de-la-mujer-onu-nyc-marzo-2026-justicia-feminista\/"},"author":{"name":"Asociacion Americana de Juristas","@id":"https:\/\/asociacionamericanadejuristas.org\/web\/#\/schema\/person\/e443fab9ceadd27bdd202b0a81114f2d"},"headline":"AAJ en foros internacionales: #CSW70 &#8211; Comisi\u00f3n sobre estatus jur\u00eddico de la mujer &#8211; ONU NYC &#8211; marzo 2026: JUSTICIA FEMINISTA","datePublished":"2026-03-15T20:36:58+00:00","dateModified":"2026-04-07T00:24:27+00:00","mainEntityOfPage":{"@id":"https:\/\/asociacionamericanadejuristas.org\/web\/aaj-hacia-csw70-comision-sobre-status-juridico-de-la-mujer-onu-nyc-marzo-2026-justicia-feminista\/"},"wordCount":206,"publisher":{"@id":"https:\/\/asociacionamericanadejuristas.org\/web\/#organization"},"image":{"@id":"https:\/\/asociacionamericanadejuristas.org\/web\/aaj-hacia-csw70-comision-sobre-status-juridico-de-la-mujer-onu-nyc-marzo-2026-justicia-feminista\/#primaryimage"},"thumbnailUrl":"https:\/\/asociacionamericanadejuristas.org\/web\/wp-content\/uploads\/2026\/01\/WhatsApp-Image-2026-02-07-at-12.13.03.jpeg","articleSection":["Home"],"inLanguage":"es"},{"@type":"WebPage","@id":"https:\/\/asociacionamericanadejuristas.org\/web\/aaj-hacia-csw70-comision-sobre-status-juridico-de-la-mujer-onu-nyc-marzo-2026-justicia-feminista\/","url":"https:\/\/asociacionamericanadejuristas.org\/web\/aaj-hacia-csw70-comision-sobre-status-juridico-de-la-mujer-onu-nyc-marzo-2026-justicia-feminista\/","name":"AAJ en foros internacionales: #CSW70 - Comisi\u00f3n sobre estatus jur\u00eddico de la mujer - ONU NYC - marzo 2026: JUSTICIA FEMINISTA - Asociaci\u00f3n Americana de Juristas","isPartOf":{"@id":"https:\/\/asociacionamericanadejuristas.org\/web\/#website"},"primaryImageOfPage":{"@id":"https:\/\/asociacionamericanadejuristas.org\/web\/aaj-hacia-csw70-comision-sobre-status-juridico-de-la-mujer-onu-nyc-marzo-2026-justicia-feminista\/#primaryimage"},"image":{"@id":"https:\/\/asociacionamericanadejuristas.org\/web\/aaj-hacia-csw70-comision-sobre-status-juridico-de-la-mujer-onu-nyc-marzo-2026-justicia-feminista\/#primaryimage"},"thumbnailUrl":"https:\/\/asociacionamericanadejuristas.org\/web\/wp-content\/uploads\/2026\/01\/WhatsApp-Image-2026-02-07-at-12.13.03.jpeg","datePublished":"2026-03-15T20:36:58+00:00","dateModified":"2026-04-07T00:24:27+00:00","breadcrumb":{"@id":"https:\/\/asociacionamericanadejuristas.org\/web\/aaj-hacia-csw70-comision-sobre-status-juridico-de-la-mujer-onu-nyc-marzo-2026-justicia-feminista\/#breadcrumb"},"inLanguage":"es","potentialAction":[{"@type":"ReadAction","target":["https:\/\/asociacionamericanadejuristas.org\/web\/aaj-hacia-csw70-comision-sobre-status-juridico-de-la-mujer-onu-nyc-marzo-2026-justicia-feminista\/"]}]},{"@type":"ImageObject","inLanguage":"es","@id":"https:\/\/asociacionamericanadejuristas.org\/web\/aaj-hacia-csw70-comision-sobre-status-juridico-de-la-mujer-onu-nyc-marzo-2026-justicia-feminista\/#primaryimage","url":"https:\/\/asociacionamericanadejuristas.org\/web\/wp-content\/uploads\/2026\/01\/WhatsApp-Image-2026-02-07-at-12.13.03.jpeg","contentUrl":"https:\/\/asociacionamericanadejuristas.org\/web\/wp-content\/uploads\/2026\/01\/WhatsApp-Image-2026-02-07-at-12.13.03.jpeg","width":842,"height":233},{"@type":"BreadcrumbList","@id":"https:\/\/asociacionamericanadejuristas.org\/web\/aaj-hacia-csw70-comision-sobre-status-juridico-de-la-mujer-onu-nyc-marzo-2026-justicia-feminista\/#breadcrumb","itemListElement":[{"@type":"ListItem","position":1,"name":"Portada","item":"https:\/\/asociacionamericanadejuristas.org\/web\/"},{"@type":"ListItem","position":2,"name":"AAJ en foros internacionales: #CSW70 &#8211; Comisi\u00f3n sobre estatus jur\u00eddico de la mujer &#8211; ONU NYC &#8211; marzo 2026: JUSTICIA FEMINISTA"}]},{"@type":"WebSite","@id":"https:\/\/asociacionamericanadejuristas.org\/web\/#website","url":"https:\/\/asociacionamericanadejuristas.org\/web\/","name":"Asociaci\u00f3n Americana de Juristas","description":"Organizaci\u00f3n no Gubernamental con Estado Consultivo ante la O.N.U.","publisher":{"@id":"https:\/\/asociacionamericanadejuristas.org\/web\/#organization"},"potentialAction":[{"@type":"SearchAction","target":{"@type":"EntryPoint","urlTemplate":"https:\/\/asociacionamericanadejuristas.org\/web\/?s={search_term_string}"},"query-input":{"@type":"PropertyValueSpecification","valueRequired":true,"valueName":"search_term_string"}}],"inLanguage":"es"},{"@type":"Organization","@id":"https:\/\/asociacionamericanadejuristas.org\/web\/#organization","name":"Asociaci\u00f3n Americana de Juristas","url":"https:\/\/asociacionamericanadejuristas.org\/web\/","logo":{"@type":"ImageObject","inLanguage":"es","@id":"https:\/\/asociacionamericanadejuristas.org\/web\/#\/schema\/logo\/image\/","url":"https:\/\/asociacionamericanadejuristas.org\/web\/wp-content\/uploads\/2024\/01\/logo-aaj_prueba.svg","contentUrl":"https:\/\/asociacionamericanadejuristas.org\/web\/wp-content\/uploads\/2024\/01\/logo-aaj_prueba.svg","width":400,"height":75,"caption":"Asociaci\u00f3n Americana de Juristas"},"image":{"@id":"https:\/\/asociacionamericanadejuristas.org\/web\/#\/schema\/logo\/image\/"}},{"@type":"Person","@id":"https:\/\/asociacionamericanadejuristas.org\/web\/#\/schema\/person\/e443fab9ceadd27bdd202b0a81114f2d","name":"Asociacion Americana de Juristas","url":"https:\/\/asociacionamericanadejuristas.org\/web\/author\/aajrama\/"}]}},"_links":{"self":[{"href":"https:\/\/asociacionamericanadejuristas.org\/web\/wp-json\/wp\/v2\/posts\/3041","targetHints":{"allow":["GET"]}}],"collection":[{"href":"https:\/\/asociacionamericanadejuristas.org\/web\/wp-json\/wp\/v2\/posts"}],"about":[{"href":"https:\/\/asociacionamericanadejuristas.org\/web\/wp-json\/wp\/v2\/types\/post"}],"author":[{"embeddable":true,"href":"https:\/\/asociacionamericanadejuristas.org\/web\/wp-json\/wp\/v2\/users\/2"}],"replies":[{"embeddable":true,"href":"https:\/\/asociacionamericanadejuristas.org\/web\/wp-json\/wp\/v2\/comments?post=3041"}],"version-history":[{"count":20,"href":"https:\/\/asociacionamericanadejuristas.org\/web\/wp-json\/wp\/v2\/posts\/3041\/revisions"}],"predecessor-version":[{"id":3156,"href":"https:\/\/asociacionamericanadejuristas.org\/web\/wp-json\/wp\/v2\/posts\/3041\/revisions\/3156"}],"wp:featuredmedia":[{"embeddable":true,"href":"https:\/\/asociacionamericanadejuristas.org\/web\/wp-json\/wp\/v2\/media\/3059"}],"wp:attachment":[{"href":"https:\/\/asociacionamericanadejuristas.org\/web\/wp-json\/wp\/v2\/media?parent=3041"}],"wp:term":[{"taxonomy":"category","embeddable":true,"href":"https:\/\/asociacionamericanadejuristas.org\/web\/wp-json\/wp\/v2\/categories?post=3041"},{"taxonomy":"post_tag","embeddable":true,"href":"https:\/\/asociacionamericanadejuristas.org\/web\/wp-json\/wp\/v2\/tags?post=3041"}],"curies":[{"name":"wp","href":"https:\/\/api.w.org\/{rel}","templated":true}]}}