{"id":2984,"date":"2026-01-12T22:28:15","date_gmt":"2026-01-12T22:28:15","guid":{"rendered":"https:\/\/asociacionamericanadejuristas.org\/web\/?p=2984"},"modified":"2026-01-12T22:33:51","modified_gmt":"2026-01-12T22:33:51","slug":"presentacion-conjunta-ante-la-corte-penal-internacional-cpi-comunicacion-conforme-al-articulo-15-del-estatuto-de-roma-enero-2026","status":"publish","type":"post","link":"https:\/\/asociacionamericanadejuristas.org\/web\/presentacion-conjunta-ante-la-corte-penal-internacional-cpi-comunicacion-conforme-al-articulo-15-del-estatuto-de-roma-enero-2026\/","title":{"rendered":"Presentaci\u00f3n conjunta ante la CORTE PENAL INTERNACIONAL (CPI) &#8211; COMUNICACI\u00d3N CONFORME AL ART\u00cdCULO 15 DEL ESTATUTO DE ROMA &#8211; Enero 2026"},"content":{"rendered":"<p>Solicitud de apertura de un examen preliminar conforme al art\u00edculo 15 del Estatuto de Roma \u2014 presuntos cr\u00edmenes de guerra, cr\u00edmenes de lesa humanidad y graves violaciones del Derecho Internacional Humanitario derivadas de los actos culminados en la invasi\u00f3n armada de la Rep\u00fablica Bolivariana de Venezuela el 3 de enero de 2026.<\/p>\n<p>Presentaci\u00f3n conjunta de la Asociaci\u00f3n Americana de Juristas (AAJ),\u00a0 organizaciones de juristas y acad\u00e9micos del derecho, organizaciones sociales, sindicales y de derechos humanos de diversos pa\u00edses, ante la Corte Penal Internacional (CPI).<\/p>\n<p>&nbsp;<\/p>\n<p><strong>Versi\u00f3n en espa\u00f1ol:<\/strong><\/p>\n<p><a href=\"https:\/\/asociacionamericanadejuristas.org\/web\/wp-content\/uploads\/2026\/01\/Comunicacion_Articulo_15_Estatuto_Roma_ES.docx.pdf\">Comunicacion_Articulo_15_Estatuto_Roma_ES.docx<\/a><\/p>\n<p>&nbsp;<\/p>\n<p><strong>Versi\u00f3n en ingl\u00e9s:<\/strong><\/p>\n<p><a href=\"https:\/\/asociacionamericanadejuristas.org\/web\/wp-content\/uploads\/2026\/01\/Communication-under-Article-15-of-the-Rome-Statute-international-jurists-civil-society-public.pdf\">Communication under Article 15 of the Rome Statute international jurists civil society public<\/a><\/p>\n","protected":false},"excerpt":{"rendered":"<p>Solicitud de apertura de un examen preliminar conforme al art\u00edculo 15 del Estatuto de Roma \u2014 presuntos cr\u00edmenes de guerra, cr\u00edmenes de lesa humanidad y graves violaciones del Derecho Internacional Humanitario derivadas de los actos culminados en la invasi\u00f3n armada de la Rep\u00fablica Bolivariana de Venezuela el 3 de enero de 2026. Presentaci\u00f3n conjunta de&hellip;&nbsp;<a href=\"https:\/\/asociacionamericanadejuristas.org\/web\/presentacion-conjunta-ante-la-corte-penal-internacional-cpi-comunicacion-conforme-al-articulo-15-del-estatuto-de-roma-enero-2026\/\" rel=\"bookmark\"><span class=\"screen-reader-text\">Presentaci\u00f3n conjunta ante la CORTE PENAL INTERNACIONAL (CPI) &#8211; COMUNICACI\u00d3N CONFORME AL ART\u00cdCULO 15 DEL ESTATUTO DE ROMA &#8211; Enero 2026<\/span><\/a><\/p>\n","protected":false},"author":2,"featured_media":2448,"comment_status":"closed","ping_status":"closed","sticky":false,"template":"","format":"standard","meta":{"neve_meta_sidebar":"","neve_meta_container":"","neve_meta_enable_content_width":"off","neve_meta_content_width":70,"neve_meta_title_alignment":"","neve_meta_author_avatar":"","neve_post_elements_order":"","neve_meta_disable_header":"","neve_meta_disable_footer":"","neve_meta_disable_title":"","footnotes":""},"categories":[5],"tags":[],"class_list":["post-2984","post","type-post","status-publish","format-standard","has-post-thumbnail","hentry","category-home"],"yoast_head":"<!-- This site is optimized with the Yoast SEO plugin v26.4 - https:\/\/yoast.com\/wordpress\/plugins\/seo\/ -->\n<title>Presentaci\u00f3n conjunta ante la CORTE PENAL INTERNACIONAL (CPI) - COMUNICACI\u00d3N CONFORME AL ART\u00cdCULO 15 DEL ESTATUTO DE ROMA - Enero 2026 - Asociaci\u00f3n Americana de Juristas<\/title>\n<meta name=\"robots\" content=\"index, follow, max-snippet:-1, max-image-preview:large, max-video-preview:-1\" \/>\n<link rel=\"canonical\" href=\"https:\/\/asociacionamericanadejuristas.org\/web\/presentacion-conjunta-ante-la-corte-penal-internacional-cpi-comunicacion-conforme-al-articulo-15-del-estatuto-de-roma-enero-2026\/\" \/>\n<meta property=\"og:locale\" content=\"es_ES\" \/>\n<meta property=\"og:type\" content=\"article\" \/>\n<meta property=\"og:title\" content=\"Presentaci\u00f3n conjunta ante la CORTE PENAL INTERNACIONAL (CPI) - COMUNICACI\u00d3N CONFORME AL ART\u00cdCULO 15 DEL ESTATUTO DE ROMA - Enero 2026 - Asociaci\u00f3n Americana de Juristas\" \/>\n<meta property=\"og:description\" content=\"Solicitud de apertura de un examen preliminar conforme al art\u00edculo 15 del Estatuto de Roma \u2014 presuntos cr\u00edmenes de guerra, cr\u00edmenes de lesa humanidad y graves violaciones del Derecho Internacional Humanitario derivadas de los actos culminados en la invasi\u00f3n armada de la Rep\u00fablica Bolivariana de Venezuela el 3 de enero de 2026. Presentaci\u00f3n conjunta de&hellip;&nbsp;Presentaci\u00f3n conjunta ante la CORTE PENAL INTERNACIONAL (CPI) &#8211; COMUNICACI\u00d3N CONFORME AL ART\u00cdCULO 15 DEL ESTATUTO DE ROMA &#8211; Enero 2026\" \/>\n<meta property=\"og:url\" content=\"https:\/\/asociacionamericanadejuristas.org\/web\/presentacion-conjunta-ante-la-corte-penal-internacional-cpi-comunicacion-conforme-al-articulo-15-del-estatuto-de-roma-enero-2026\/\" \/>\n<meta property=\"og:site_name\" content=\"Asociaci\u00f3n Americana de Juristas\" \/>\n<meta property=\"article:published_time\" content=\"2026-01-12T22:28:15+00:00\" \/>\n<meta property=\"article:modified_time\" content=\"2026-01-12T22:33:51+00:00\" \/>\n<meta property=\"og:image\" content=\"https:\/\/asociacionamericanadejuristas.org\/web\/wp-content\/uploads\/2024\/10\/logo-paloma-sin-vectorizar.jpg\" \/>\n\t<meta property=\"og:image:width\" content=\"430\" \/>\n\t<meta property=\"og:image:height\" content=\"430\" \/>\n\t<meta property=\"og:image:type\" content=\"image\/jpeg\" \/>\n<meta name=\"author\" content=\"Asociacion Americana de Juristas\" \/>\n<meta name=\"twitter:card\" content=\"summary_large_image\" \/>\n<meta name=\"twitter:label1\" content=\"Escrito por\" \/>\n\t<meta name=\"twitter:data1\" content=\"Asociacion Americana de Juristas\" \/>\n\t<meta name=\"twitter:label2\" content=\"Tiempo de lectura\" \/>\n\t<meta name=\"twitter:data2\" content=\"1 minuto\" \/>\n<script type=\"application\/ld+json\" class=\"yoast-schema-graph\">{\"@context\":\"https:\/\/schema.org\",\"@graph\":[{\"@type\":\"Article\",\"@id\":\"https:\/\/asociacionamericanadejuristas.org\/web\/presentacion-conjunta-ante-la-corte-penal-internacional-cpi-comunicacion-conforme-al-articulo-15-del-estatuto-de-roma-enero-2026\/#article\",\"isPartOf\":{\"@id\":\"https:\/\/asociacionamericanadejuristas.org\/web\/presentacion-conjunta-ante-la-corte-penal-internacional-cpi-comunicacion-conforme-al-articulo-15-del-estatuto-de-roma-enero-2026\/\"},\"author\":{\"name\":\"Asociacion Americana de Juristas\",\"@id\":\"https:\/\/asociacionamericanadejuristas.org\/web\/#\/schema\/person\/e443fab9ceadd27bdd202b0a81114f2d\"},\"headline\":\"Presentaci\u00f3n conjunta ante la CORTE PENAL INTERNACIONAL (CPI) &#8211; COMUNICACI\u00d3N CONFORME AL ART\u00cdCULO 15 DEL ESTATUTO DE ROMA &#8211; Enero 2026\",\"datePublished\":\"2026-01-12T22:28:15+00:00\",\"dateModified\":\"2026-01-12T22:33:51+00:00\",\"mainEntityOfPage\":{\"@id\":\"https:\/\/asociacionamericanadejuristas.org\/web\/presentacion-conjunta-ante-la-corte-penal-internacional-cpi-comunicacion-conforme-al-articulo-15-del-estatuto-de-roma-enero-2026\/\"},\"wordCount\":141,\"publisher\":{\"@id\":\"https:\/\/asociacionamericanadejuristas.org\/web\/#organization\"},\"image\":{\"@id\":\"https:\/\/asociacionamericanadejuristas.org\/web\/presentacion-conjunta-ante-la-corte-penal-internacional-cpi-comunicacion-conforme-al-articulo-15-del-estatuto-de-roma-enero-2026\/#primaryimage\"},\"thumbnailUrl\":\"https:\/\/asociacionamericanadejuristas.org\/web\/wp-content\/uploads\/2024\/10\/logo-paloma-sin-vectorizar.jpg\",\"articleSection\":[\"Home\"],\"inLanguage\":\"es\"},{\"@type\":\"WebPage\",\"@id\":\"https:\/\/asociacionamericanadejuristas.org\/web\/presentacion-conjunta-ante-la-corte-penal-internacional-cpi-comunicacion-conforme-al-articulo-15-del-estatuto-de-roma-enero-2026\/\",\"url\":\"https:\/\/asociacionamericanadejuristas.org\/web\/presentacion-conjunta-ante-la-corte-penal-internacional-cpi-comunicacion-conforme-al-articulo-15-del-estatuto-de-roma-enero-2026\/\",\"name\":\"Presentaci\u00f3n conjunta ante la CORTE PENAL INTERNACIONAL (CPI) - COMUNICACI\u00d3N CONFORME AL ART\u00cdCULO 15 DEL ESTATUTO DE ROMA - Enero 2026 - Asociaci\u00f3n Americana de Juristas\",\"isPartOf\":{\"@id\":\"https:\/\/asociacionamericanadejuristas.org\/web\/#website\"},\"primaryImageOfPage\":{\"@id\":\"https:\/\/asociacionamericanadejuristas.org\/web\/presentacion-conjunta-ante-la-corte-penal-internacional-cpi-comunicacion-conforme-al-articulo-15-del-estatuto-de-roma-enero-2026\/#primaryimage\"},\"image\":{\"@id\":\"https:\/\/asociacionamericanadejuristas.org\/web\/presentacion-conjunta-ante-la-corte-penal-internacional-cpi-comunicacion-conforme-al-articulo-15-del-estatuto-de-roma-enero-2026\/#primaryimage\"},\"thumbnailUrl\":\"https:\/\/asociacionamericanadejuristas.org\/web\/wp-content\/uploads\/2024\/10\/logo-paloma-sin-vectorizar.jpg\",\"datePublished\":\"2026-01-12T22:28:15+00:00\",\"dateModified\":\"2026-01-12T22:33:51+00:00\",\"breadcrumb\":{\"@id\":\"https:\/\/asociacionamericanadejuristas.org\/web\/presentacion-conjunta-ante-la-corte-penal-internacional-cpi-comunicacion-conforme-al-articulo-15-del-estatuto-de-roma-enero-2026\/#breadcrumb\"},\"inLanguage\":\"es\",\"potentialAction\":[{\"@type\":\"ReadAction\",\"target\":[\"https:\/\/asociacionamericanadejuristas.org\/web\/presentacion-conjunta-ante-la-corte-penal-internacional-cpi-comunicacion-conforme-al-articulo-15-del-estatuto-de-roma-enero-2026\/\"]}]},{\"@type\":\"ImageObject\",\"inLanguage\":\"es\",\"@id\":\"https:\/\/asociacionamericanadejuristas.org\/web\/presentacion-conjunta-ante-la-corte-penal-internacional-cpi-comunicacion-conforme-al-articulo-15-del-estatuto-de-roma-enero-2026\/#primaryimage\",\"url\":\"https:\/\/asociacionamericanadejuristas.org\/web\/wp-content\/uploads\/2024\/10\/logo-paloma-sin-vectorizar.jpg\",\"contentUrl\":\"https:\/\/asociacionamericanadejuristas.org\/web\/wp-content\/uploads\/2024\/10\/logo-paloma-sin-vectorizar.jpg\",\"width\":430,\"height\":430},{\"@type\":\"BreadcrumbList\",\"@id\":\"https:\/\/asociacionamericanadejuristas.org\/web\/presentacion-conjunta-ante-la-corte-penal-internacional-cpi-comunicacion-conforme-al-articulo-15-del-estatuto-de-roma-enero-2026\/#breadcrumb\",\"itemListElement\":[{\"@type\":\"ListItem\",\"position\":1,\"name\":\"Portada\",\"item\":\"https:\/\/asociacionamericanadejuristas.org\/web\/\"},{\"@type\":\"ListItem\",\"position\":2,\"name\":\"Presentaci\u00f3n conjunta ante la CORTE PENAL INTERNACIONAL (CPI) &#8211; COMUNICACI\u00d3N CONFORME AL ART\u00cdCULO 15 DEL ESTATUTO DE ROMA &#8211; Enero 2026\"}]},{\"@type\":\"WebSite\",\"@id\":\"https:\/\/asociacionamericanadejuristas.org\/web\/#website\",\"url\":\"https:\/\/asociacionamericanadejuristas.org\/web\/\",\"name\":\"Asociaci\u00f3n Americana de Juristas\",\"description\":\"Organizaci\u00f3n no Gubernamental con Estado Consultivo ante la O.N.U.\",\"publisher\":{\"@id\":\"https:\/\/asociacionamericanadejuristas.org\/web\/#organization\"},\"potentialAction\":[{\"@type\":\"SearchAction\",\"target\":{\"@type\":\"EntryPoint\",\"urlTemplate\":\"https:\/\/asociacionamericanadejuristas.org\/web\/?s={search_term_string}\"},\"query-input\":{\"@type\":\"PropertyValueSpecification\",\"valueRequired\":true,\"valueName\":\"search_term_string\"}}],\"inLanguage\":\"es\"},{\"@type\":\"Organization\",\"@id\":\"https:\/\/asociacionamericanadejuristas.org\/web\/#organization\",\"name\":\"Asociaci\u00f3n Americana de Juristas\",\"url\":\"https:\/\/asociacionamericanadejuristas.org\/web\/\",\"logo\":{\"@type\":\"ImageObject\",\"inLanguage\":\"es\",\"@id\":\"https:\/\/asociacionamericanadejuristas.org\/web\/#\/schema\/logo\/image\/\",\"url\":\"https:\/\/asociacionamericanadejuristas.org\/web\/wp-content\/uploads\/2024\/01\/logo-aaj_prueba.svg\",\"contentUrl\":\"https:\/\/asociacionamericanadejuristas.org\/web\/wp-content\/uploads\/2024\/01\/logo-aaj_prueba.svg\",\"width\":400,\"height\":75,\"caption\":\"Asociaci\u00f3n Americana de Juristas\"},\"image\":{\"@id\":\"https:\/\/asociacionamericanadejuristas.org\/web\/#\/schema\/logo\/image\/\"}},{\"@type\":\"Person\",\"@id\":\"https:\/\/asociacionamericanadejuristas.org\/web\/#\/schema\/person\/e443fab9ceadd27bdd202b0a81114f2d\",\"name\":\"Asociacion Americana de Juristas\",\"url\":\"https:\/\/asociacionamericanadejuristas.org\/web\/author\/aajrama\/\"}]}<\/script>\n<!-- \/ Yoast SEO plugin. -->","yoast_head_json":{"title":"Presentaci\u00f3n conjunta ante la CORTE PENAL INTERNACIONAL (CPI) - COMUNICACI\u00d3N CONFORME AL ART\u00cdCULO 15 DEL ESTATUTO DE ROMA - Enero 2026 - Asociaci\u00f3n Americana de Juristas","robots":{"index":"index","follow":"follow","max-snippet":"max-snippet:-1","max-image-preview":"max-image-preview:large","max-video-preview":"max-video-preview:-1"},"canonical":"https:\/\/asociacionamericanadejuristas.org\/web\/presentacion-conjunta-ante-la-corte-penal-internacional-cpi-comunicacion-conforme-al-articulo-15-del-estatuto-de-roma-enero-2026\/","og_locale":"es_ES","og_type":"article","og_title":"Presentaci\u00f3n conjunta ante la CORTE PENAL INTERNACIONAL (CPI) - COMUNICACI\u00d3N CONFORME AL ART\u00cdCULO 15 DEL ESTATUTO DE ROMA - Enero 2026 - Asociaci\u00f3n Americana de Juristas","og_description":"Solicitud de apertura de un examen preliminar conforme al art\u00edculo 15 del Estatuto de Roma \u2014 presuntos cr\u00edmenes de guerra, cr\u00edmenes de lesa humanidad y graves violaciones del Derecho Internacional Humanitario derivadas de los actos culminados en la invasi\u00f3n armada de la Rep\u00fablica Bolivariana de Venezuela el 3 de enero de 2026. Presentaci\u00f3n conjunta de&hellip;&nbsp;Presentaci\u00f3n conjunta ante la CORTE PENAL INTERNACIONAL (CPI) &#8211; COMUNICACI\u00d3N CONFORME AL ART\u00cdCULO 15 DEL ESTATUTO DE ROMA &#8211; Enero 2026","og_url":"https:\/\/asociacionamericanadejuristas.org\/web\/presentacion-conjunta-ante-la-corte-penal-internacional-cpi-comunicacion-conforme-al-articulo-15-del-estatuto-de-roma-enero-2026\/","og_site_name":"Asociaci\u00f3n Americana de Juristas","article_published_time":"2026-01-12T22:28:15+00:00","article_modified_time":"2026-01-12T22:33:51+00:00","og_image":[{"width":430,"height":430,"url":"https:\/\/asociacionamericanadejuristas.org\/web\/wp-content\/uploads\/2024\/10\/logo-paloma-sin-vectorizar.jpg","type":"image\/jpeg"}],"author":"Asociacion Americana de Juristas","twitter_card":"summary_large_image","twitter_misc":{"Escrito por":"Asociacion Americana de Juristas","Tiempo de lectura":"1 minuto"},"schema":{"@context":"https:\/\/schema.org","@graph":[{"@type":"Article","@id":"https:\/\/asociacionamericanadejuristas.org\/web\/presentacion-conjunta-ante-la-corte-penal-internacional-cpi-comunicacion-conforme-al-articulo-15-del-estatuto-de-roma-enero-2026\/#article","isPartOf":{"@id":"https:\/\/asociacionamericanadejuristas.org\/web\/presentacion-conjunta-ante-la-corte-penal-internacional-cpi-comunicacion-conforme-al-articulo-15-del-estatuto-de-roma-enero-2026\/"},"author":{"name":"Asociacion Americana de Juristas","@id":"https:\/\/asociacionamericanadejuristas.org\/web\/#\/schema\/person\/e443fab9ceadd27bdd202b0a81114f2d"},"headline":"Presentaci\u00f3n conjunta ante la CORTE PENAL INTERNACIONAL (CPI) &#8211; COMUNICACI\u00d3N CONFORME AL ART\u00cdCULO 15 DEL ESTATUTO DE ROMA &#8211; Enero 2026","datePublished":"2026-01-12T22:28:15+00:00","dateModified":"2026-01-12T22:33:51+00:00","mainEntityOfPage":{"@id":"https:\/\/asociacionamericanadejuristas.org\/web\/presentacion-conjunta-ante-la-corte-penal-internacional-cpi-comunicacion-conforme-al-articulo-15-del-estatuto-de-roma-enero-2026\/"},"wordCount":141,"publisher":{"@id":"https:\/\/asociacionamericanadejuristas.org\/web\/#organization"},"image":{"@id":"https:\/\/asociacionamericanadejuristas.org\/web\/presentacion-conjunta-ante-la-corte-penal-internacional-cpi-comunicacion-conforme-al-articulo-15-del-estatuto-de-roma-enero-2026\/#primaryimage"},"thumbnailUrl":"https:\/\/asociacionamericanadejuristas.org\/web\/wp-content\/uploads\/2024\/10\/logo-paloma-sin-vectorizar.jpg","articleSection":["Home"],"inLanguage":"es"},{"@type":"WebPage","@id":"https:\/\/asociacionamericanadejuristas.org\/web\/presentacion-conjunta-ante-la-corte-penal-internacional-cpi-comunicacion-conforme-al-articulo-15-del-estatuto-de-roma-enero-2026\/","url":"https:\/\/asociacionamericanadejuristas.org\/web\/presentacion-conjunta-ante-la-corte-penal-internacional-cpi-comunicacion-conforme-al-articulo-15-del-estatuto-de-roma-enero-2026\/","name":"Presentaci\u00f3n conjunta ante la CORTE PENAL INTERNACIONAL (CPI) - COMUNICACI\u00d3N CONFORME AL ART\u00cdCULO 15 DEL ESTATUTO DE ROMA - Enero 2026 - Asociaci\u00f3n Americana de Juristas","isPartOf":{"@id":"https:\/\/asociacionamericanadejuristas.org\/web\/#website"},"primaryImageOfPage":{"@id":"https:\/\/asociacionamericanadejuristas.org\/web\/presentacion-conjunta-ante-la-corte-penal-internacional-cpi-comunicacion-conforme-al-articulo-15-del-estatuto-de-roma-enero-2026\/#primaryimage"},"image":{"@id":"https:\/\/asociacionamericanadejuristas.org\/web\/presentacion-conjunta-ante-la-corte-penal-internacional-cpi-comunicacion-conforme-al-articulo-15-del-estatuto-de-roma-enero-2026\/#primaryimage"},"thumbnailUrl":"https:\/\/asociacionamericanadejuristas.org\/web\/wp-content\/uploads\/2024\/10\/logo-paloma-sin-vectorizar.jpg","datePublished":"2026-01-12T22:28:15+00:00","dateModified":"2026-01-12T22:33:51+00:00","breadcrumb":{"@id":"https:\/\/asociacionamericanadejuristas.org\/web\/presentacion-conjunta-ante-la-corte-penal-internacional-cpi-comunicacion-conforme-al-articulo-15-del-estatuto-de-roma-enero-2026\/#breadcrumb"},"inLanguage":"es","potentialAction":[{"@type":"ReadAction","target":["https:\/\/asociacionamericanadejuristas.org\/web\/presentacion-conjunta-ante-la-corte-penal-internacional-cpi-comunicacion-conforme-al-articulo-15-del-estatuto-de-roma-enero-2026\/"]}]},{"@type":"ImageObject","inLanguage":"es","@id":"https:\/\/asociacionamericanadejuristas.org\/web\/presentacion-conjunta-ante-la-corte-penal-internacional-cpi-comunicacion-conforme-al-articulo-15-del-estatuto-de-roma-enero-2026\/#primaryimage","url":"https:\/\/asociacionamericanadejuristas.org\/web\/wp-content\/uploads\/2024\/10\/logo-paloma-sin-vectorizar.jpg","contentUrl":"https:\/\/asociacionamericanadejuristas.org\/web\/wp-content\/uploads\/2024\/10\/logo-paloma-sin-vectorizar.jpg","width":430,"height":430},{"@type":"BreadcrumbList","@id":"https:\/\/asociacionamericanadejuristas.org\/web\/presentacion-conjunta-ante-la-corte-penal-internacional-cpi-comunicacion-conforme-al-articulo-15-del-estatuto-de-roma-enero-2026\/#breadcrumb","itemListElement":[{"@type":"ListItem","position":1,"name":"Portada","item":"https:\/\/asociacionamericanadejuristas.org\/web\/"},{"@type":"ListItem","position":2,"name":"Presentaci\u00f3n conjunta ante la CORTE PENAL INTERNACIONAL (CPI) &#8211; COMUNICACI\u00d3N CONFORME AL ART\u00cdCULO 15 DEL ESTATUTO DE ROMA &#8211; Enero 2026"}]},{"@type":"WebSite","@id":"https:\/\/asociacionamericanadejuristas.org\/web\/#website","url":"https:\/\/asociacionamericanadejuristas.org\/web\/","name":"Asociaci\u00f3n Americana de Juristas","description":"Organizaci\u00f3n no Gubernamental con Estado Consultivo ante la O.N.U.","publisher":{"@id":"https:\/\/asociacionamericanadejuristas.org\/web\/#organization"},"potentialAction":[{"@type":"SearchAction","target":{"@type":"EntryPoint","urlTemplate":"https:\/\/asociacionamericanadejuristas.org\/web\/?s={search_term_string}"},"query-input":{"@type":"PropertyValueSpecification","valueRequired":true,"valueName":"search_term_string"}}],"inLanguage":"es"},{"@type":"Organization","@id":"https:\/\/asociacionamericanadejuristas.org\/web\/#organization","name":"Asociaci\u00f3n Americana de Juristas","url":"https:\/\/asociacionamericanadejuristas.org\/web\/","logo":{"@type":"ImageObject","inLanguage":"es","@id":"https:\/\/asociacionamericanadejuristas.org\/web\/#\/schema\/logo\/image\/","url":"https:\/\/asociacionamericanadejuristas.org\/web\/wp-content\/uploads\/2024\/01\/logo-aaj_prueba.svg","contentUrl":"https:\/\/asociacionamericanadejuristas.org\/web\/wp-content\/uploads\/2024\/01\/logo-aaj_prueba.svg","width":400,"height":75,"caption":"Asociaci\u00f3n Americana de Juristas"},"image":{"@id":"https:\/\/asociacionamericanadejuristas.org\/web\/#\/schema\/logo\/image\/"}},{"@type":"Person","@id":"https:\/\/asociacionamericanadejuristas.org\/web\/#\/schema\/person\/e443fab9ceadd27bdd202b0a81114f2d","name":"Asociacion Americana de Juristas","url":"https:\/\/asociacionamericanadejuristas.org\/web\/author\/aajrama\/"}]}},"_links":{"self":[{"href":"https:\/\/asociacionamericanadejuristas.org\/web\/wp-json\/wp\/v2\/posts\/2984","targetHints":{"allow":["GET"]}}],"collection":[{"href":"https:\/\/asociacionamericanadejuristas.org\/web\/wp-json\/wp\/v2\/posts"}],"about":[{"href":"https:\/\/asociacionamericanadejuristas.org\/web\/wp-json\/wp\/v2\/types\/post"}],"author":[{"embeddable":true,"href":"https:\/\/asociacionamericanadejuristas.org\/web\/wp-json\/wp\/v2\/users\/2"}],"replies":[{"embeddable":true,"href":"https:\/\/asociacionamericanadejuristas.org\/web\/wp-json\/wp\/v2\/comments?post=2984"}],"version-history":[{"count":1,"href":"https:\/\/asociacionamericanadejuristas.org\/web\/wp-json\/wp\/v2\/posts\/2984\/revisions"}],"predecessor-version":[{"id":2987,"href":"https:\/\/asociacionamericanadejuristas.org\/web\/wp-json\/wp\/v2\/posts\/2984\/revisions\/2987"}],"wp:featuredmedia":[{"embeddable":true,"href":"https:\/\/asociacionamericanadejuristas.org\/web\/wp-json\/wp\/v2\/media\/2448"}],"wp:attachment":[{"href":"https:\/\/asociacionamericanadejuristas.org\/web\/wp-json\/wp\/v2\/media?parent=2984"}],"wp:term":[{"taxonomy":"category","embeddable":true,"href":"https:\/\/asociacionamericanadejuristas.org\/web\/wp-json\/wp\/v2\/categories?post=2984"},{"taxonomy":"post_tag","embeddable":true,"href":"https:\/\/asociacionamericanadejuristas.org\/web\/wp-json\/wp\/v2\/tags?post=2984"}],"curies":[{"name":"wp","href":"https:\/\/api.w.org\/{rel}","templated":true}]}}