{"id":2954,"date":"2025-12-30T17:27:32","date_gmt":"2025-12-30T17:27:32","guid":{"rendered":"https:\/\/asociacionamericanadejuristas.org\/web\/?p=2954"},"modified":"2026-01-03T17:33:49","modified_gmt":"2026-01-03T17:33:49","slug":"saludo-en-las-fiestas","status":"publish","type":"post","link":"https:\/\/asociacionamericanadejuristas.org\/web\/saludo-en-las-fiestas\/","title":{"rendered":"Saludo en las Fiestas"},"content":{"rendered":"<div>\n<div class=\"gmail_signature\" dir=\"ltr\" data-smartmail=\"gmail_signature\">\n<div dir=\"ltr\">\n<div>\n<div dir=\"ltr\">\n<div>\n<div dir=\"ltr\"><i><b>Que los pueblos de Am\u00e9rica y el mundo, unidos fraternalmente y libres, con justicia social, autodeterminaci\u00f3n y dignidad, <\/b><\/i><i style=\"color: #ff0000; font-family: 'trebuchet ms', sans-serif; font-size: large;\"><b>alcancemos la paz y el desarrollo que anhelamos.<\/b><\/i><\/div>\n<\/div>\n<\/div>\n<\/div>\n<\/div>\n<\/div>\n<\/div>\n<div class=\"gmail_quote\">\n<div dir=\"ltr\">\n<div><span style=\"color: #ff0000; font-family: trebuchet ms, sans-serif; font-size: large;\"><i><b>\u00a0<\/b><\/i><\/span><\/div>\n<div><span style=\"color: #ff0000; font-family: trebuchet ms, sans-serif; font-size: large;\"><i><b>Les deseamos un muy feliz 2026!<\/b><\/i><\/span><\/div>\n<div><span style=\"font-family: trebuchet ms, sans-serif; font-size: large;\">\u00a0<\/span><\/div>\n<div><span style=\"font-family: trebuchet ms, sans-serif; font-size: large;\">Dra. Claudia Rocca<\/span><\/div>\n<div><span style=\"font-family: trebuchet ms, sans-serif; font-size: large;\">Presidenta<\/span><\/div>\n<div>\n<div class=\"gmail_signature\" dir=\"ltr\" data-smartmail=\"gmail_signature\">\n<div dir=\"ltr\">\n<div dir=\"ltr\">\n<div dir=\"ltr\">\n<div><span style=\"font-family: trebuchet ms, sans-serif; font-size: large;\">Asociaci\u00f3n Americana de Juristas (AAJ)<\/span><\/div>\n<div><\/div>\n<\/div>\n<\/div>\n<div><\/div>\n<div dir=\"ltr\">\n<div dir=\"ltr\">\n<div><\/div>\n<\/div>\n<\/div>\n<div><a href=\"https:\/\/asociacionamericanadejuristas.org\/web\/wp-content\/uploads\/2026\/01\/image.png\"><img fetchpriority=\"high\" decoding=\"async\" class=\"aligncenter wp-image-2955\" src=\"https:\/\/asociacionamericanadejuristas.org\/web\/wp-content\/uploads\/2026\/01\/image.png\" alt=\"\" width=\"582\" height=\"728\" srcset=\"https:\/\/asociacionamericanadejuristas.org\/web\/wp-content\/uploads\/2026\/01\/image.png 1080w, https:\/\/asociacionamericanadejuristas.org\/web\/wp-content\/uploads\/2026\/01\/image-240x300.png 240w, https:\/\/asociacionamericanadejuristas.org\/web\/wp-content\/uploads\/2026\/01\/image-819x1024.png 819w, https:\/\/asociacionamericanadejuristas.org\/web\/wp-content\/uploads\/2026\/01\/image-768x960.png 768w\" sizes=\"(max-width: 582px) 100vw, 582px\" \/><\/a><\/div>\n<\/div>\n<\/div>\n<\/div>\n<\/div>\n<\/div>\n","protected":false},"excerpt":{"rendered":"<p>Que los pueblos de Am\u00e9rica y el mundo, unidos fraternalmente y libres, con justicia social, autodeterminaci\u00f3n y dignidad, alcancemos la paz y el desarrollo que anhelamos. \u00a0 Les deseamos un muy feliz 2026! \u00a0 Dra. Claudia Rocca Presidenta Asociaci\u00f3n Americana de Juristas (AAJ)<\/p>\n","protected":false},"author":2,"featured_media":2956,"comment_status":"closed","ping_status":"closed","sticky":false,"template":"","format":"standard","meta":{"neve_meta_sidebar":"","neve_meta_container":"","neve_meta_enable_content_width":"off","neve_meta_content_width":70,"neve_meta_title_alignment":"","neve_meta_author_avatar":"","neve_post_elements_order":"","neve_meta_disable_header":"","neve_meta_disable_footer":"","neve_meta_disable_title":"","footnotes":""},"categories":[5],"tags":[],"class_list":["post-2954","post","type-post","status-publish","format-standard","has-post-thumbnail","hentry","category-home"],"yoast_head":"<!-- This site is optimized with the Yoast SEO plugin v26.4 - https:\/\/yoast.com\/wordpress\/plugins\/seo\/ -->\n<title>Saludo en las Fiestas - Asociaci\u00f3n Americana de Juristas<\/title>\n<meta name=\"robots\" content=\"index, follow, max-snippet:-1, max-image-preview:large, max-video-preview:-1\" \/>\n<link rel=\"canonical\" href=\"https:\/\/asociacionamericanadejuristas.org\/web\/saludo-en-las-fiestas\/\" \/>\n<meta property=\"og:locale\" content=\"es_ES\" \/>\n<meta property=\"og:type\" content=\"article\" \/>\n<meta property=\"og:title\" content=\"Saludo en las Fiestas - Asociaci\u00f3n Americana de Juristas\" \/>\n<meta property=\"og:description\" content=\"Que los pueblos de Am\u00e9rica y el mundo, unidos fraternalmente y libres, con justicia social, autodeterminaci\u00f3n y dignidad, alcancemos la paz y el desarrollo que anhelamos. \u00a0 Les deseamos un muy feliz 2026! \u00a0 Dra. Claudia Rocca Presidenta Asociaci\u00f3n Americana de Juristas (AAJ)\" \/>\n<meta property=\"og:url\" content=\"https:\/\/asociacionamericanadejuristas.org\/web\/saludo-en-las-fiestas\/\" \/>\n<meta property=\"og:site_name\" content=\"Asociaci\u00f3n Americana de Juristas\" \/>\n<meta property=\"article:published_time\" content=\"2025-12-30T17:27:32+00:00\" \/>\n<meta property=\"article:modified_time\" content=\"2026-01-03T17:33:49+00:00\" \/>\n<meta property=\"og:image\" content=\"https:\/\/asociacionamericanadejuristas.org\/web\/wp-content\/uploads\/2026\/01\/IMG_3117.jpg\" \/>\n\t<meta property=\"og:image:width\" content=\"1194\" \/>\n\t<meta property=\"og:image:height\" content=\"356\" \/>\n\t<meta property=\"og:image:type\" content=\"image\/jpeg\" \/>\n<meta name=\"author\" content=\"Asociacion Americana de Juristas\" \/>\n<meta name=\"twitter:card\" content=\"summary_large_image\" \/>\n<meta name=\"twitter:label1\" content=\"Escrito por\" \/>\n\t<meta name=\"twitter:data1\" content=\"Asociacion Americana de Juristas\" \/>\n\t<meta name=\"twitter:label2\" content=\"Tiempo de lectura\" \/>\n\t<meta name=\"twitter:data2\" content=\"1 minuto\" \/>\n<script type=\"application\/ld+json\" class=\"yoast-schema-graph\">{\"@context\":\"https:\/\/schema.org\",\"@graph\":[{\"@type\":\"Article\",\"@id\":\"https:\/\/asociacionamericanadejuristas.org\/web\/saludo-en-las-fiestas\/#article\",\"isPartOf\":{\"@id\":\"https:\/\/asociacionamericanadejuristas.org\/web\/saludo-en-las-fiestas\/\"},\"author\":{\"name\":\"Asociacion Americana de Juristas\",\"@id\":\"https:\/\/asociacionamericanadejuristas.org\/web\/#\/schema\/person\/e443fab9ceadd27bdd202b0a81114f2d\"},\"headline\":\"Saludo en las Fiestas\",\"datePublished\":\"2025-12-30T17:27:32+00:00\",\"dateModified\":\"2026-01-03T17:33:49+00:00\",\"mainEntityOfPage\":{\"@id\":\"https:\/\/asociacionamericanadejuristas.org\/web\/saludo-en-las-fiestas\/\"},\"wordCount\":47,\"publisher\":{\"@id\":\"https:\/\/asociacionamericanadejuristas.org\/web\/#organization\"},\"image\":{\"@id\":\"https:\/\/asociacionamericanadejuristas.org\/web\/saludo-en-las-fiestas\/#primaryimage\"},\"thumbnailUrl\":\"https:\/\/asociacionamericanadejuristas.org\/web\/wp-content\/uploads\/2026\/01\/IMG_3117.jpg\",\"articleSection\":[\"Home\"],\"inLanguage\":\"es\"},{\"@type\":\"WebPage\",\"@id\":\"https:\/\/asociacionamericanadejuristas.org\/web\/saludo-en-las-fiestas\/\",\"url\":\"https:\/\/asociacionamericanadejuristas.org\/web\/saludo-en-las-fiestas\/\",\"name\":\"Saludo en las Fiestas - Asociaci\u00f3n Americana de Juristas\",\"isPartOf\":{\"@id\":\"https:\/\/asociacionamericanadejuristas.org\/web\/#website\"},\"primaryImageOfPage\":{\"@id\":\"https:\/\/asociacionamericanadejuristas.org\/web\/saludo-en-las-fiestas\/#primaryimage\"},\"image\":{\"@id\":\"https:\/\/asociacionamericanadejuristas.org\/web\/saludo-en-las-fiestas\/#primaryimage\"},\"thumbnailUrl\":\"https:\/\/asociacionamericanadejuristas.org\/web\/wp-content\/uploads\/2026\/01\/IMG_3117.jpg\",\"datePublished\":\"2025-12-30T17:27:32+00:00\",\"dateModified\":\"2026-01-03T17:33:49+00:00\",\"breadcrumb\":{\"@id\":\"https:\/\/asociacionamericanadejuristas.org\/web\/saludo-en-las-fiestas\/#breadcrumb\"},\"inLanguage\":\"es\",\"potentialAction\":[{\"@type\":\"ReadAction\",\"target\":[\"https:\/\/asociacionamericanadejuristas.org\/web\/saludo-en-las-fiestas\/\"]}]},{\"@type\":\"ImageObject\",\"inLanguage\":\"es\",\"@id\":\"https:\/\/asociacionamericanadejuristas.org\/web\/saludo-en-las-fiestas\/#primaryimage\",\"url\":\"https:\/\/asociacionamericanadejuristas.org\/web\/wp-content\/uploads\/2026\/01\/IMG_3117.jpg\",\"contentUrl\":\"https:\/\/asociacionamericanadejuristas.org\/web\/wp-content\/uploads\/2026\/01\/IMG_3117.jpg\",\"width\":1194,\"height\":356,\"caption\":\"Screenshot\"},{\"@type\":\"BreadcrumbList\",\"@id\":\"https:\/\/asociacionamericanadejuristas.org\/web\/saludo-en-las-fiestas\/#breadcrumb\",\"itemListElement\":[{\"@type\":\"ListItem\",\"position\":1,\"name\":\"Portada\",\"item\":\"https:\/\/asociacionamericanadejuristas.org\/web\/\"},{\"@type\":\"ListItem\",\"position\":2,\"name\":\"Saludo en las Fiestas\"}]},{\"@type\":\"WebSite\",\"@id\":\"https:\/\/asociacionamericanadejuristas.org\/web\/#website\",\"url\":\"https:\/\/asociacionamericanadejuristas.org\/web\/\",\"name\":\"Asociaci\u00f3n Americana de Juristas\",\"description\":\"Organizaci\u00f3n no Gubernamental con Estado Consultivo ante la O.N.U.\",\"publisher\":{\"@id\":\"https:\/\/asociacionamericanadejuristas.org\/web\/#organization\"},\"potentialAction\":[{\"@type\":\"SearchAction\",\"target\":{\"@type\":\"EntryPoint\",\"urlTemplate\":\"https:\/\/asociacionamericanadejuristas.org\/web\/?s={search_term_string}\"},\"query-input\":{\"@type\":\"PropertyValueSpecification\",\"valueRequired\":true,\"valueName\":\"search_term_string\"}}],\"inLanguage\":\"es\"},{\"@type\":\"Organization\",\"@id\":\"https:\/\/asociacionamericanadejuristas.org\/web\/#organization\",\"name\":\"Asociaci\u00f3n Americana de Juristas\",\"url\":\"https:\/\/asociacionamericanadejuristas.org\/web\/\",\"logo\":{\"@type\":\"ImageObject\",\"inLanguage\":\"es\",\"@id\":\"https:\/\/asociacionamericanadejuristas.org\/web\/#\/schema\/logo\/image\/\",\"url\":\"https:\/\/asociacionamericanadejuristas.org\/web\/wp-content\/uploads\/2024\/01\/logo-aaj_prueba.svg\",\"contentUrl\":\"https:\/\/asociacionamericanadejuristas.org\/web\/wp-content\/uploads\/2024\/01\/logo-aaj_prueba.svg\",\"width\":400,\"height\":75,\"caption\":\"Asociaci\u00f3n Americana de Juristas\"},\"image\":{\"@id\":\"https:\/\/asociacionamericanadejuristas.org\/web\/#\/schema\/logo\/image\/\"}},{\"@type\":\"Person\",\"@id\":\"https:\/\/asociacionamericanadejuristas.org\/web\/#\/schema\/person\/e443fab9ceadd27bdd202b0a81114f2d\",\"name\":\"Asociacion Americana de Juristas\",\"url\":\"https:\/\/asociacionamericanadejuristas.org\/web\/author\/aajrama\/\"}]}<\/script>\n<!-- \/ Yoast SEO plugin. -->","yoast_head_json":{"title":"Saludo en las Fiestas - Asociaci\u00f3n Americana de Juristas","robots":{"index":"index","follow":"follow","max-snippet":"max-snippet:-1","max-image-preview":"max-image-preview:large","max-video-preview":"max-video-preview:-1"},"canonical":"https:\/\/asociacionamericanadejuristas.org\/web\/saludo-en-las-fiestas\/","og_locale":"es_ES","og_type":"article","og_title":"Saludo en las Fiestas - Asociaci\u00f3n Americana de Juristas","og_description":"Que los pueblos de Am\u00e9rica y el mundo, unidos fraternalmente y libres, con justicia social, autodeterminaci\u00f3n y dignidad, alcancemos la paz y el desarrollo que anhelamos. \u00a0 Les deseamos un muy feliz 2026! \u00a0 Dra. Claudia Rocca Presidenta Asociaci\u00f3n Americana de Juristas (AAJ)","og_url":"https:\/\/asociacionamericanadejuristas.org\/web\/saludo-en-las-fiestas\/","og_site_name":"Asociaci\u00f3n Americana de Juristas","article_published_time":"2025-12-30T17:27:32+00:00","article_modified_time":"2026-01-03T17:33:49+00:00","og_image":[{"width":1194,"height":356,"url":"https:\/\/asociacionamericanadejuristas.org\/web\/wp-content\/uploads\/2026\/01\/IMG_3117.jpg","type":"image\/jpeg"}],"author":"Asociacion Americana de Juristas","twitter_card":"summary_large_image","twitter_misc":{"Escrito por":"Asociacion Americana de Juristas","Tiempo de lectura":"1 minuto"},"schema":{"@context":"https:\/\/schema.org","@graph":[{"@type":"Article","@id":"https:\/\/asociacionamericanadejuristas.org\/web\/saludo-en-las-fiestas\/#article","isPartOf":{"@id":"https:\/\/asociacionamericanadejuristas.org\/web\/saludo-en-las-fiestas\/"},"author":{"name":"Asociacion Americana de Juristas","@id":"https:\/\/asociacionamericanadejuristas.org\/web\/#\/schema\/person\/e443fab9ceadd27bdd202b0a81114f2d"},"headline":"Saludo en las Fiestas","datePublished":"2025-12-30T17:27:32+00:00","dateModified":"2026-01-03T17:33:49+00:00","mainEntityOfPage":{"@id":"https:\/\/asociacionamericanadejuristas.org\/web\/saludo-en-las-fiestas\/"},"wordCount":47,"publisher":{"@id":"https:\/\/asociacionamericanadejuristas.org\/web\/#organization"},"image":{"@id":"https:\/\/asociacionamericanadejuristas.org\/web\/saludo-en-las-fiestas\/#primaryimage"},"thumbnailUrl":"https:\/\/asociacionamericanadejuristas.org\/web\/wp-content\/uploads\/2026\/01\/IMG_3117.jpg","articleSection":["Home"],"inLanguage":"es"},{"@type":"WebPage","@id":"https:\/\/asociacionamericanadejuristas.org\/web\/saludo-en-las-fiestas\/","url":"https:\/\/asociacionamericanadejuristas.org\/web\/saludo-en-las-fiestas\/","name":"Saludo en las Fiestas - Asociaci\u00f3n Americana de Juristas","isPartOf":{"@id":"https:\/\/asociacionamericanadejuristas.org\/web\/#website"},"primaryImageOfPage":{"@id":"https:\/\/asociacionamericanadejuristas.org\/web\/saludo-en-las-fiestas\/#primaryimage"},"image":{"@id":"https:\/\/asociacionamericanadejuristas.org\/web\/saludo-en-las-fiestas\/#primaryimage"},"thumbnailUrl":"https:\/\/asociacionamericanadejuristas.org\/web\/wp-content\/uploads\/2026\/01\/IMG_3117.jpg","datePublished":"2025-12-30T17:27:32+00:00","dateModified":"2026-01-03T17:33:49+00:00","breadcrumb":{"@id":"https:\/\/asociacionamericanadejuristas.org\/web\/saludo-en-las-fiestas\/#breadcrumb"},"inLanguage":"es","potentialAction":[{"@type":"ReadAction","target":["https:\/\/asociacionamericanadejuristas.org\/web\/saludo-en-las-fiestas\/"]}]},{"@type":"ImageObject","inLanguage":"es","@id":"https:\/\/asociacionamericanadejuristas.org\/web\/saludo-en-las-fiestas\/#primaryimage","url":"https:\/\/asociacionamericanadejuristas.org\/web\/wp-content\/uploads\/2026\/01\/IMG_3117.jpg","contentUrl":"https:\/\/asociacionamericanadejuristas.org\/web\/wp-content\/uploads\/2026\/01\/IMG_3117.jpg","width":1194,"height":356,"caption":"Screenshot"},{"@type":"BreadcrumbList","@id":"https:\/\/asociacionamericanadejuristas.org\/web\/saludo-en-las-fiestas\/#breadcrumb","itemListElement":[{"@type":"ListItem","position":1,"name":"Portada","item":"https:\/\/asociacionamericanadejuristas.org\/web\/"},{"@type":"ListItem","position":2,"name":"Saludo en las Fiestas"}]},{"@type":"WebSite","@id":"https:\/\/asociacionamericanadejuristas.org\/web\/#website","url":"https:\/\/asociacionamericanadejuristas.org\/web\/","name":"Asociaci\u00f3n Americana de Juristas","description":"Organizaci\u00f3n no Gubernamental con Estado Consultivo ante la O.N.U.","publisher":{"@id":"https:\/\/asociacionamericanadejuristas.org\/web\/#organization"},"potentialAction":[{"@type":"SearchAction","target":{"@type":"EntryPoint","urlTemplate":"https:\/\/asociacionamericanadejuristas.org\/web\/?s={search_term_string}"},"query-input":{"@type":"PropertyValueSpecification","valueRequired":true,"valueName":"search_term_string"}}],"inLanguage":"es"},{"@type":"Organization","@id":"https:\/\/asociacionamericanadejuristas.org\/web\/#organization","name":"Asociaci\u00f3n Americana de Juristas","url":"https:\/\/asociacionamericanadejuristas.org\/web\/","logo":{"@type":"ImageObject","inLanguage":"es","@id":"https:\/\/asociacionamericanadejuristas.org\/web\/#\/schema\/logo\/image\/","url":"https:\/\/asociacionamericanadejuristas.org\/web\/wp-content\/uploads\/2024\/01\/logo-aaj_prueba.svg","contentUrl":"https:\/\/asociacionamericanadejuristas.org\/web\/wp-content\/uploads\/2024\/01\/logo-aaj_prueba.svg","width":400,"height":75,"caption":"Asociaci\u00f3n Americana de Juristas"},"image":{"@id":"https:\/\/asociacionamericanadejuristas.org\/web\/#\/schema\/logo\/image\/"}},{"@type":"Person","@id":"https:\/\/asociacionamericanadejuristas.org\/web\/#\/schema\/person\/e443fab9ceadd27bdd202b0a81114f2d","name":"Asociacion Americana de Juristas","url":"https:\/\/asociacionamericanadejuristas.org\/web\/author\/aajrama\/"}]}},"_links":{"self":[{"href":"https:\/\/asociacionamericanadejuristas.org\/web\/wp-json\/wp\/v2\/posts\/2954","targetHints":{"allow":["GET"]}}],"collection":[{"href":"https:\/\/asociacionamericanadejuristas.org\/web\/wp-json\/wp\/v2\/posts"}],"about":[{"href":"https:\/\/asociacionamericanadejuristas.org\/web\/wp-json\/wp\/v2\/types\/post"}],"author":[{"embeddable":true,"href":"https:\/\/asociacionamericanadejuristas.org\/web\/wp-json\/wp\/v2\/users\/2"}],"replies":[{"embeddable":true,"href":"https:\/\/asociacionamericanadejuristas.org\/web\/wp-json\/wp\/v2\/comments?post=2954"}],"version-history":[{"count":2,"href":"https:\/\/asociacionamericanadejuristas.org\/web\/wp-json\/wp\/v2\/posts\/2954\/revisions"}],"predecessor-version":[{"id":2958,"href":"https:\/\/asociacionamericanadejuristas.org\/web\/wp-json\/wp\/v2\/posts\/2954\/revisions\/2958"}],"wp:featuredmedia":[{"embeddable":true,"href":"https:\/\/asociacionamericanadejuristas.org\/web\/wp-json\/wp\/v2\/media\/2956"}],"wp:attachment":[{"href":"https:\/\/asociacionamericanadejuristas.org\/web\/wp-json\/wp\/v2\/media?parent=2954"}],"wp:term":[{"taxonomy":"category","embeddable":true,"href":"https:\/\/asociacionamericanadejuristas.org\/web\/wp-json\/wp\/v2\/categories?post=2954"},{"taxonomy":"post_tag","embeddable":true,"href":"https:\/\/asociacionamericanadejuristas.org\/web\/wp-json\/wp\/v2\/tags?post=2954"}],"curies":[{"name":"wp","href":"https:\/\/api.w.org\/{rel}","templated":true}]}}